{"id":2865,"date":"2024-10-07T09:10:55","date_gmt":"2024-10-07T09:10:55","guid":{"rendered":"https:\/\/www.booksandlilies.com\/?p=2865"},"modified":"2026-01-09T07:10:50","modified_gmt":"2026-01-09T07:10:50","slug":"prica-o-dva-grada","status":"publish","type":"post","link":"https:\/\/www.booksandlilies.com\/index.php\/2024\/10\/07\/prica-o-dva-grada\/","title":{"rendered":"Pri\u010da o dva grada"},"content":{"rendered":"\n<p>Najprodavaniji roman svih vremena, ka\u017ee Vikipedija (ili je prvi posle Don Kihota). Nisam ni znala taj podatak kada sam odlu\u010dila da kona\u010dno zapo\u010dnem sa \u010ditanjem i ovog Dikensovog dela. I kako se ne osvrnuti na mo\u017eda najpoznatije re\u010di kojima po\u010dinje neka knjiga: <em>It was the best of times, it was the worst of times. <\/em><\/p>\n\n\n\n<p><strong>1775. godina<\/strong><\/p>\n\n\n\n<p>Plemstvo je nesvesno svoje sre\u0107e i privilegija koje sa\u010dinjavaju gozbe, balovi, udvaranja i to prihvata kao ne\u0161to \u0161to se podrazumeva i prema \u010demu ve\u0107 gaji ravnodu\u0161nost, dok siroma\u0161ni, nezadovoljni narod skuplja snagu da ustane protiv klasnog re\u017eima i stane na kraj \u017eivotarenju u bedi i umiranju od gladi. Poput sitnih talasa koji postaju sve ve\u0107i i uporniji dok ne prerastu u udar cunamija, tako se i otpor naroda ste\u017ee u razornu pesnicu koja \u0107e zadati udarac kraljevini. Udarac koji \u0107e postati jedan od najzna\u010dajnijih doga\u0111aja u evropskoj istoriji: <strong>Francuska revolucija<\/strong>. Svako lice ima i svoje nali\u010dje, te tako i doga\u0111aj koji ozna\u010dava prevrat i smrt monarhiji, s druge strane donosi bezvla\u0161\u0107e i rulju \u017eeljnu krvi. Toliko \u017eeljnu da se ne mo\u017ee zasititi i ve\u010dito tra\u017ei nove \u017ertve, nova pogubljenja, ne interesuju\u0107i se da li su ljudi koji su osu\u0111eni uop\u0161te krivi za neki zlo\u010din. Savr\u0161eno je do\u010darana nestalnost mase koja jednog trenutka kli\u010de va\u0161em oslobo\u0111enju, dok se slede\u0107eg raduje kad vam se glava ipak zakotrlja.<\/p>\n\n\n\n<p>Me\u0111u li\u010dnostima opisanim u ovoj knjizi mo\u017eemo izdvojiti porodicu <strong>Manet<\/strong>, oca, doktora i oslobo\u0111enika iz Bastilje i k\u0107i Lusi, mladu devojku, koji su se, nakon mnogo godina razdvojenosti, ponovo ujedinili i nastanili u Engleskoj.<\/p>\n\n\n\n<p class=\"has-text-align-center has-vivid-red-color has-text-color has-link-color wp-elements-588049cc9881fae453c68fb090d8069b\"><em>Iako gospo\u0111ica Manet nije ni\u0161ta znala o zemlji u kojoj je ro\u0111ena, nasledila je jednu od najboljih osobina Francuza &#8211; da ni iz \u010dega stvori ne\u0161to.<\/em><\/p>\n\n\n\n<p>Uz Manetove, imamo mladog D\u017earvisa Lorija, slu\u017ebenika banke, \u010diji \u0107e se putevi ukrstiti s njihovim. Gospo\u0111ica Pros mi je jedan od omiljenih likova, u svoj svojoj stereotipiji u\u0161togljene dru\u017ebenice i guvernante i <em>no nonsense<\/em> stavu. (&#8220;Nikad ne zami\u0161ljam ni\u0161ta. Bolje je uop\u0161te nemati ma\u0161te.&#8220;). Starog kova i odana do sr\u017ei svojoj \u0161ti\u0107enici Lusi i svojoj zemlji. Od va\u017enijih likova pomenula bih madam Defar\u017e, veli\u010danstveno portretisanu li\u010dnost koja je suprotstavljena na\u0161im junacima, opasnog antagonistu i strastvenog pobornika Revolucije. <\/p>\n\n\n\n<p class=\"has-text-align-center has-vivid-red-color has-text-color has-link-color wp-elements-beb6b0ea85d4b230e3f4d5ad5e23a1ba\"><em>Sudbina i Smrt rade neprestano, ali i tiho, pa zato niko nije \u010duo kad su se \u0161unjale okolo.<\/em><\/p>\n\n\n\n<p>Dopada mi se uravnote\u017eenost deskripcije i de\u0161avanja, nijednog nema previ\u0161e niti premalo. Iako sme\u0161teno na pozornicu koju \u010dine kulise stvarnih doga\u0111aja, ne treba gubiti iz vida da je ovo istorijski <em>roman<\/em>, dakle, fikcija, a ne dokumentarac. Iznena\u0111ena sam koliko je <strong>Pri\u010da o dva grada <\/strong>dinami\u010dna i pitka &#8211; naime, posle \u010ditanja <em>Velikih o\u010dekivanja<\/em>, <em>Davida Koperfilda<\/em> i <em>Stare prodavnice retkosti<\/em>, o\u010dekivala sam da \u0107e im biti sli\u010dnija &#8211; bogata, ali i pomalo usporena naracija, propra\u0107ena \u010destim zastajkivanjima i mno\u0161tvom detalja. S te strane sli\u010dnija je <em>Oliveru Tvistu<\/em>. To epsko u njoj me je iznenadilo i pridobilo. Dikens nije toliko dramati\u010dan (neki bi rekli trivijalan) kao njegov savremenik Aleksandar Dima, ali sam primetila neke motive zajedni\u010dke obojici slavnih romanopisaca: tajna ro\u0111enja, su\u017eanjstvo, krvi \u017eedna svetina i li\u010dna sloboda koja visi o tankoj niti, varljiva nada za \u010dije je uni\u0161tenje dovoljna jedna pogre\u0161na re\u010d.<\/p>\n\n\n\n<p class=\"has-text-align-left\">Priznajem da sam neko vreme zaobilazila ovaj roman, misle\u0107i da je u pitanju hronika Londona i Pariza, ali sam se iznenadila. Podeljen je u tri &#8220;knjige&#8220;, a one nose slede\u0107e nazive: Vra\u0107en u \u017eivot, Zlatna nit i Trag Oluje. <em>Vra\u0107en u \u017eivot<\/em> nas vodi u 1775. godinu, dok <em>Zlatna nit<\/em> obuhvata de\u0161avanja od 5 (i vi\u0161e) godina kasnije. U <em>Tragu Oluje<\/em> ve\u0107 je 1792. godina i Revolucija je u punom jeku. Besprekorna kompozicija protkana ironijom i umetnutim detaljima iz pi\u0161\u010devog stvarnog \u017eivota (poput oca koji boravi u zatvoru) \u010dini ovo delo savr\u0161enim za upoznavanje s Dikensovim stvarala\u0161tvom. <\/p>\n\n\n\n<p class=\"has-text-align-center has-vivid-red-color has-white-background-color has-text-color has-background\">Magla je lebdela nad brdom kao duh koji tra\u017ei mesto za odmor, ali ga ne nalazi. Jezivo hladna i vla\u017ena, polako se kretala kroz vazduh kao \u0161to se mre\u0161kaju talasi burnog mora. <\/p>\n\n\n\n<p>Odavno nisam pisala o knjizi koju mogu da preporu\u010dim i svim srcem stanem iza nje, i drago mi je \u0161to sam kona\u010dno na\u0161la prostora i za ovaj roman. Prikaz je mesecima stajao u <em>Nacrtima<\/em>, \u010dekaju\u0107i trenutak kada \u0107u na\u0107i dovoljno vremena da ga dovr\u0161im; ose\u0107ala sam da, \u0161tagod da napi\u0161em, nije dovoljno dobro. I sada to mislim, ali znam i da je bolje da je napi\u0161em bar ne\u0161to, nego da je uop\u0161te ne pomenem. <\/p>\n\n\n\n<p class=\"has-text-align-center has-vivid-red-color has-text-color\">Zvu\u010dao je kao slab odjek glasa od pre mnogo, mnogo vremena. Toliko je bio be\u017eivotan da je podse\u0107ao na neku lepu boju koja je izbledela i postala bleda mrlja; toliko slab, kao da je do\u0161ao iz podzemlja. <\/p>\n\n\n\n<p>Knjiga koja traje, ne posustaju\u0107i pod teretom vremena, pa ne \u010dudi \u0161to ide i u jesenje #preporukeza\u010ditanje \ud83c\udf41<\/p>\n","protected":false},"excerpt":{"rendered":"<p>Najprodavaniji roman svih vremena, ka\u017ee Vikipedija (ili je prvi posle Don Kihota). Nisam ni znala taj podatak kada sam odlu\u010dila da kona\u010dno zapo\u010dnem sa \u010ditanjem i ovog Dikensovog dela. I kako se ne osvrnuti na mo\u017eda najpoznatije re\u010di kojima po\u010dinje neka knjiga: It was the best of times, it was the worst of times. 1775&#8230;.<\/p>\n","protected":false},"author":1,"featured_media":2866,"comment_status":"open","ping_status":"","sticky":false,"template":"","format":"standard","meta":{"_mi_skip_tracking":false,"_monsterinsights_sitenote_active":false,"_monsterinsights_sitenote_note":"","_monsterinsights_sitenote_category":0,"footnotes":""},"categories":[30,18],"tags":[],"class_list":["post-2865","post","type-post","status-publish","format-standard","has-post-thumbnail","hentry","category-klasici","category-knjige"],"_links":{"self":[{"href":"https:\/\/www.booksandlilies.com\/index.php\/wp-json\/wp\/v2\/posts\/2865","targetHints":{"allow":["GET"]}}],"collection":[{"href":"https:\/\/www.booksandlilies.com\/index.php\/wp-json\/wp\/v2\/posts"}],"about":[{"href":"https:\/\/www.booksandlilies.com\/index.php\/wp-json\/wp\/v2\/types\/post"}],"author":[{"embeddable":true,"href":"https:\/\/www.booksandlilies.com\/index.php\/wp-json\/wp\/v2\/users\/1"}],"replies":[{"embeddable":true,"href":"https:\/\/www.booksandlilies.com\/index.php\/wp-json\/wp\/v2\/comments?post=2865"}],"version-history":[{"count":24,"href":"https:\/\/www.booksandlilies.com\/index.php\/wp-json\/wp\/v2\/posts\/2865\/revisions"}],"predecessor-version":[{"id":3883,"href":"https:\/\/www.booksandlilies.com\/index.php\/wp-json\/wp\/v2\/posts\/2865\/revisions\/3883"}],"wp:featuredmedia":[{"embeddable":true,"href":"https:\/\/www.booksandlilies.com\/index.php\/wp-json\/wp\/v2\/media\/2866"}],"wp:attachment":[{"href":"https:\/\/www.booksandlilies.com\/index.php\/wp-json\/wp\/v2\/media?parent=2865"}],"wp:term":[{"taxonomy":"category","embeddable":true,"href":"https:\/\/www.booksandlilies.com\/index.php\/wp-json\/wp\/v2\/categories?post=2865"},{"taxonomy":"post_tag","embeddable":true,"href":"https:\/\/www.booksandlilies.com\/index.php\/wp-json\/wp\/v2\/tags?post=2865"}],"curies":[{"name":"wp","href":"https:\/\/api.w.org\/{rel}","templated":true}]}}